{"id":74558,"date":"2025-06-02T10:54:37","date_gmt":"2025-06-02T08:54:37","guid":{"rendered":"https:\/\/parklexprodema.com\/?p=74558"},"modified":"2025-06-27T15:04:32","modified_gmt":"2025-06-27T13:04:32","slug":"installation-de-bois-courbe-sur-facades-et-sous-faces-exterieures","status":"publish","type":"post","link":"https:\/\/parklexprodema.com\/fr\/blog\/installation-de-bois-courbe-sur-facades-et-sous-faces-exterieures\/","title":{"rendered":"Installation de bois courb\u00e9 sur fa\u00e7ades et sous-faces ext\u00e9rieures"},"content":{"rendered":"","protected":false},"excerpt":{"rendered":"<p>L&rsquo;installation de bois courb\u00e9 sur fa\u00e7ades et sous-faces ext\u00e9rieures combine innovation technique et esth\u00e9tique naturelle. Cet article explore trois m\u00e9thodes \u2014panneaux facett\u00e9s, pr\u00e9-courb\u00e9s et courbure in situ\u2014 appliqu\u00e9es dans des projets tels que le Moody Center, con\u00e7u par Gensler et r\u00e9alis\u00e9 avec des panneaux Parklex Prodema.<\/p>\n","protected":false},"author":10000100,"featured_media":74450,"comment_status":"open","ping_status":"open","sticky":false,"template":"","format":"standard","meta":{"_acf_changed":false,"inline_featured_image":false,"footnotes":""},"categories":[2171,2168],"tags":[],"class_list":["post-74558","post","type-post","status-publish","format-standard","has-post-thumbnail","hentry","category-innovation-architecturale","category-construction-en-bois"],"acf":[],"yoast_head":"<!-- This site is optimized with the Yoast SEO plugin v27.0 - https:\/\/yoast.com\/product\/yoast-seo-wordpress\/ -->\n<title>Installation de bois courb\u00e9 sur fa\u00e7ades et sous-faces ext\u00e9rieures &#8212; Parklex Prodema<\/title>\n<meta name=\"description\" content=\"M\u00e9thodes d&#039;installation du bois courb\u00e9 en ext\u00e9rieur : panneaux facett\u00e9s, pr\u00e9-courb\u00e9s et in situ. Cas r\u00e9el : Moody Center par Gensler.\" \/>\n<meta name=\"robots\" content=\"index, follow, max-snippet:-1, max-image-preview:large, max-video-preview:-1\" \/>\n<link rel=\"canonical\" href=\"https:\/\/parklexprodema.com\/fr\/blog\/installation-de-bois-courbe-sur-facades-et-sous-faces-exterieures\/\" \/>\n<meta property=\"og:locale\" content=\"fr_FR\" \/>\n<meta property=\"og:type\" content=\"article\" \/>\n<meta property=\"og:title\" content=\"Installation de bois courb\u00e9 sur fa\u00e7ades et sous-faces ext\u00e9rieures &#8212; Parklex Prodema\" \/>\n<meta property=\"og:description\" content=\"M\u00e9thodes d&#039;installation du bois courb\u00e9 en ext\u00e9rieur : panneaux facett\u00e9s, pr\u00e9-courb\u00e9s et in situ. Cas r\u00e9el : Moody Center par Gensler.\" \/>\n<meta property=\"og:url\" content=\"https:\/\/parklexprodema.com\/fr\/blog\/installation-de-bois-courbe-sur-facades-et-sous-faces-exterieures\/\" \/>\n<meta property=\"og:site_name\" content=\"Parklex Prodema\" \/>\n<meta property=\"article:publisher\" content=\"https:\/\/www.facebook.com\/parklexprodema\" \/>\n<meta property=\"article:published_time\" content=\"2025-06-02T08:54:37+00:00\" \/>\n<meta property=\"article:modified_time\" content=\"2025-06-27T13:04:32+00:00\" \/>\n<meta property=\"og:image\" content=\"https:\/\/parklexprodema.com\/wp-content\/uploads\/2025\/05\/DSC06233-1-scaled.jpg\" \/>\n\t<meta property=\"og:image:width\" content=\"3000\" \/>\n\t<meta property=\"og:image:height\" content=\"2000\" \/>\n\t<meta property=\"og:image:type\" content=\"image\/jpeg\" \/>\n<meta name=\"author\" content=\"PARKLEX PRODEMA\" \/>\n<meta name=\"twitter:card\" content=\"summary_large_image\" \/>\n<meta name=\"twitter:label1\" content=\"\u00c9crit par\" \/>\n\t<meta name=\"twitter:data1\" content=\"PARKLEX PRODEMA\" \/>\n\t<meta name=\"twitter:label2\" content=\"Dur\u00e9e de lecture estim\u00e9e\" \/>\n\t<meta name=\"twitter:data2\" content=\"4 minutes\" \/>\n<script type=\"application\/ld+json\" class=\"yoast-schema-graph\">{\"@context\":\"https:\/\/schema.org\",\"@graph\":[{\"@type\":\"Article\",\"@id\":\"https:\/\/parklexprodema.com\/fr\/blog\/installation-de-bois-courbe-sur-facades-et-sous-faces-exterieures\/#article\",\"isPartOf\":{\"@id\":\"https:\/\/parklexprodema.com\/fr\/blog\/installation-de-bois-courbe-sur-facades-et-sous-faces-exterieures\/\"},\"author\":{\"name\":\"PARKLEX PRODEMA\",\"@id\":\"https:\/\/parklexprodema.com\/fr\/#\/schema\/person\/37db727a6d4f7bafabb9cde91173ca32\"},\"headline\":\"Installation de bois courb\u00e9 sur fa\u00e7ades et sous-faces ext\u00e9rieures\",\"datePublished\":\"2025-06-02T08:54:37+00:00\",\"dateModified\":\"2025-06-27T13:04:32+00:00\",\"mainEntityOfPage\":{\"@id\":\"https:\/\/parklexprodema.com\/fr\/blog\/installation-de-bois-courbe-sur-facades-et-sous-faces-exterieures\/\"},\"wordCount\":11,\"commentCount\":0,\"publisher\":{\"@id\":\"https:\/\/parklexprodema.com\/fr\/#organization\"},\"image\":{\"@id\":\"https:\/\/parklexprodema.com\/fr\/blog\/installation-de-bois-courbe-sur-facades-et-sous-faces-exterieures\/#primaryimage\"},\"thumbnailUrl\":\"https:\/\/parklexprodema.com\/wp-content\/uploads\/2025\/05\/DSC06233-1-scaled.jpg\",\"articleSection\":[\"Innovation architecturale\",\"Construction en bois\"],\"inLanguage\":\"fr-FR\"},{\"@type\":\"WebPage\",\"@id\":\"https:\/\/parklexprodema.com\/fr\/blog\/installation-de-bois-courbe-sur-facades-et-sous-faces-exterieures\/\",\"url\":\"https:\/\/parklexprodema.com\/fr\/blog\/installation-de-bois-courbe-sur-facades-et-sous-faces-exterieures\/\",\"name\":\"Installation de bois courb\u00e9 sur fa\u00e7ades et sous-faces ext\u00e9rieures &#8212; Parklex Prodema\",\"isPartOf\":{\"@id\":\"https:\/\/parklexprodema.com\/fr\/#website\"},\"primaryImageOfPage\":{\"@id\":\"https:\/\/parklexprodema.com\/fr\/blog\/installation-de-bois-courbe-sur-facades-et-sous-faces-exterieures\/#primaryimage\"},\"image\":{\"@id\":\"https:\/\/parklexprodema.com\/fr\/blog\/installation-de-bois-courbe-sur-facades-et-sous-faces-exterieures\/#primaryimage\"},\"thumbnailUrl\":\"https:\/\/parklexprodema.com\/wp-content\/uploads\/2025\/05\/DSC06233-1-scaled.jpg\",\"datePublished\":\"2025-06-02T08:54:37+00:00\",\"dateModified\":\"2025-06-27T13:04:32+00:00\",\"description\":\"M\u00e9thodes d'installation du bois courb\u00e9 en ext\u00e9rieur : panneaux facett\u00e9s, pr\u00e9-courb\u00e9s et in situ. Cas r\u00e9el : Moody Center par Gensler.\",\"breadcrumb\":{\"@id\":\"https:\/\/parklexprodema.com\/fr\/blog\/installation-de-bois-courbe-sur-facades-et-sous-faces-exterieures\/#breadcrumb\"},\"inLanguage\":\"fr-FR\",\"potentialAction\":[{\"@type\":\"ReadAction\",\"target\":[\"https:\/\/parklexprodema.com\/fr\/blog\/installation-de-bois-courbe-sur-facades-et-sous-faces-exterieures\/\"]}]},{\"@type\":\"ImageObject\",\"inLanguage\":\"fr-FR\",\"@id\":\"https:\/\/parklexprodema.com\/fr\/blog\/installation-de-bois-courbe-sur-facades-et-sous-faces-exterieures\/#primaryimage\",\"url\":\"https:\/\/parklexprodema.com\/wp-content\/uploads\/2025\/05\/DSC06233-1-scaled.jpg\",\"contentUrl\":\"https:\/\/parklexprodema.com\/wp-content\/uploads\/2025\/05\/DSC06233-1-scaled.jpg\",\"width\":3000,\"height\":2000,\"caption\":\"Example of curved timber on fa\u00e7ades and exterior soffit\"},{\"@type\":\"BreadcrumbList\",\"@id\":\"https:\/\/parklexprodema.com\/fr\/blog\/installation-de-bois-courbe-sur-facades-et-sous-faces-exterieures\/#breadcrumb\",\"itemListElement\":[{\"@type\":\"ListItem\",\"position\":1,\"name\":\"Home\",\"item\":\"https:\/\/parklexprodema.com\/fr\/\"},{\"@type\":\"ListItem\",\"position\":2,\"name\":\"Installation de bois courb\u00e9 sur fa\u00e7ades et sous-faces ext\u00e9rieures\"}]},{\"@type\":\"WebSite\",\"@id\":\"https:\/\/parklexprodema.com\/fr\/#website\",\"url\":\"https:\/\/parklexprodema.com\/fr\/\",\"name\":\"Parklex Prodema\",\"description\":\"Panneaux de Bois pour l\u2019Architecture\",\"publisher\":{\"@id\":\"https:\/\/parklexprodema.com\/fr\/#organization\"},\"potentialAction\":[{\"@type\":\"SearchAction\",\"target\":{\"@type\":\"EntryPoint\",\"urlTemplate\":\"https:\/\/parklexprodema.com\/fr\/?s={search_term_string}\"},\"query-input\":{\"@type\":\"PropertyValueSpecification\",\"valueRequired\":true,\"valueName\":\"search_term_string\"}}],\"inLanguage\":\"fr-FR\"},{\"@type\":\"Organization\",\"@id\":\"https:\/\/parklexprodema.com\/fr\/#organization\",\"name\":\"Parklex Prodema\",\"url\":\"https:\/\/parklexprodema.com\/fr\/\",\"logo\":{\"@type\":\"ImageObject\",\"inLanguage\":\"fr-FR\",\"@id\":\"https:\/\/parklexprodema.com\/fr\/#\/schema\/logo\/image\/\",\"url\":\"https:\/\/parklexprodema.com\/wp-content\/uploads\/2023\/01\/ParklexProdema-Logo.png\",\"contentUrl\":\"https:\/\/parklexprodema.com\/wp-content\/uploads\/2023\/01\/ParklexProdema-Logo.png\",\"width\":600,\"height\":155,\"caption\":\"Parklex Prodema\"},\"image\":{\"@id\":\"https:\/\/parklexprodema.com\/fr\/#\/schema\/logo\/image\/\"},\"sameAs\":[\"https:\/\/www.facebook.com\/parklexprodema\",\"https:\/\/www.instagram.com\/parklexprodema\/\",\"https:\/\/www.linkedin.com\/company\/parklexprodema\/\"]},{\"@type\":\"Person\",\"@id\":\"https:\/\/parklexprodema.com\/fr\/#\/schema\/person\/37db727a6d4f7bafabb9cde91173ca32\",\"name\":\"PARKLEX PRODEMA\",\"image\":{\"@type\":\"ImageObject\",\"inLanguage\":\"fr-FR\",\"@id\":\"https:\/\/parklexprodema.com\/fr\/#\/schema\/person\/image\/\",\"url\":\"https:\/\/secure.gravatar.com\/avatar\/9871f8aa559d4e3b2f08ba029e0433d09f7b2d110f75d6cf5e18cbd88ab1d11d?s=96&d=mm&r=g\",\"contentUrl\":\"https:\/\/secure.gravatar.com\/avatar\/9871f8aa559d4e3b2f08ba029e0433d09f7b2d110f75d6cf5e18cbd88ab1d11d?s=96&d=mm&r=g\",\"caption\":\"PARKLEX PRODEMA\"}}]}<\/script>\n<!-- \/ Yoast SEO plugin. -->","yoast_head_json":{"title":"Installation de bois courb\u00e9 sur fa\u00e7ades et sous-faces ext\u00e9rieures &#8212; Parklex Prodema","description":"M\u00e9thodes d'installation du bois courb\u00e9 en ext\u00e9rieur : panneaux facett\u00e9s, pr\u00e9-courb\u00e9s et in situ. Cas r\u00e9el : Moody Center par Gensler.","robots":{"index":"index","follow":"follow","max-snippet":"max-snippet:-1","max-image-preview":"max-image-preview:large","max-video-preview":"max-video-preview:-1"},"canonical":"https:\/\/parklexprodema.com\/fr\/blog\/installation-de-bois-courbe-sur-facades-et-sous-faces-exterieures\/","og_locale":"fr_FR","og_type":"article","og_title":"Installation de bois courb\u00e9 sur fa\u00e7ades et sous-faces ext\u00e9rieures &#8212; Parklex Prodema","og_description":"M\u00e9thodes d'installation du bois courb\u00e9 en ext\u00e9rieur : panneaux facett\u00e9s, pr\u00e9-courb\u00e9s et in situ. Cas r\u00e9el : Moody Center par Gensler.","og_url":"https:\/\/parklexprodema.com\/fr\/blog\/installation-de-bois-courbe-sur-facades-et-sous-faces-exterieures\/","og_site_name":"Parklex Prodema","article_publisher":"https:\/\/www.facebook.com\/parklexprodema","article_published_time":"2025-06-02T08:54:37+00:00","article_modified_time":"2025-06-27T13:04:32+00:00","og_image":[{"width":3000,"height":2000,"url":"https:\/\/parklexprodema.com\/wp-content\/uploads\/2025\/05\/DSC06233-1-scaled.jpg","type":"image\/jpeg"}],"author":"PARKLEX PRODEMA","twitter_card":"summary_large_image","twitter_misc":{"\u00c9crit par":"PARKLEX PRODEMA","Dur\u00e9e de lecture estim\u00e9e":"4 minutes"},"schema":{"@context":"https:\/\/schema.org","@graph":[{"@type":"Article","@id":"https:\/\/parklexprodema.com\/fr\/blog\/installation-de-bois-courbe-sur-facades-et-sous-faces-exterieures\/#article","isPartOf":{"@id":"https:\/\/parklexprodema.com\/fr\/blog\/installation-de-bois-courbe-sur-facades-et-sous-faces-exterieures\/"},"author":{"name":"PARKLEX PRODEMA","@id":"https:\/\/parklexprodema.com\/fr\/#\/schema\/person\/37db727a6d4f7bafabb9cde91173ca32"},"headline":"Installation de bois courb\u00e9 sur fa\u00e7ades et sous-faces ext\u00e9rieures","datePublished":"2025-06-02T08:54:37+00:00","dateModified":"2025-06-27T13:04:32+00:00","mainEntityOfPage":{"@id":"https:\/\/parklexprodema.com\/fr\/blog\/installation-de-bois-courbe-sur-facades-et-sous-faces-exterieures\/"},"wordCount":11,"commentCount":0,"publisher":{"@id":"https:\/\/parklexprodema.com\/fr\/#organization"},"image":{"@id":"https:\/\/parklexprodema.com\/fr\/blog\/installation-de-bois-courbe-sur-facades-et-sous-faces-exterieures\/#primaryimage"},"thumbnailUrl":"https:\/\/parklexprodema.com\/wp-content\/uploads\/2025\/05\/DSC06233-1-scaled.jpg","articleSection":["Innovation architecturale","Construction en bois"],"inLanguage":"fr-FR"},{"@type":"WebPage","@id":"https:\/\/parklexprodema.com\/fr\/blog\/installation-de-bois-courbe-sur-facades-et-sous-faces-exterieures\/","url":"https:\/\/parklexprodema.com\/fr\/blog\/installation-de-bois-courbe-sur-facades-et-sous-faces-exterieures\/","name":"Installation de bois courb\u00e9 sur fa\u00e7ades et sous-faces ext\u00e9rieures &#8212; Parklex Prodema","isPartOf":{"@id":"https:\/\/parklexprodema.com\/fr\/#website"},"primaryImageOfPage":{"@id":"https:\/\/parklexprodema.com\/fr\/blog\/installation-de-bois-courbe-sur-facades-et-sous-faces-exterieures\/#primaryimage"},"image":{"@id":"https:\/\/parklexprodema.com\/fr\/blog\/installation-de-bois-courbe-sur-facades-et-sous-faces-exterieures\/#primaryimage"},"thumbnailUrl":"https:\/\/parklexprodema.com\/wp-content\/uploads\/2025\/05\/DSC06233-1-scaled.jpg","datePublished":"2025-06-02T08:54:37+00:00","dateModified":"2025-06-27T13:04:32+00:00","description":"M\u00e9thodes d'installation du bois courb\u00e9 en ext\u00e9rieur : panneaux facett\u00e9s, pr\u00e9-courb\u00e9s et in situ. Cas r\u00e9el : Moody Center par Gensler.","breadcrumb":{"@id":"https:\/\/parklexprodema.com\/fr\/blog\/installation-de-bois-courbe-sur-facades-et-sous-faces-exterieures\/#breadcrumb"},"inLanguage":"fr-FR","potentialAction":[{"@type":"ReadAction","target":["https:\/\/parklexprodema.com\/fr\/blog\/installation-de-bois-courbe-sur-facades-et-sous-faces-exterieures\/"]}]},{"@type":"ImageObject","inLanguage":"fr-FR","@id":"https:\/\/parklexprodema.com\/fr\/blog\/installation-de-bois-courbe-sur-facades-et-sous-faces-exterieures\/#primaryimage","url":"https:\/\/parklexprodema.com\/wp-content\/uploads\/2025\/05\/DSC06233-1-scaled.jpg","contentUrl":"https:\/\/parklexprodema.com\/wp-content\/uploads\/2025\/05\/DSC06233-1-scaled.jpg","width":3000,"height":2000,"caption":"Example of curved timber on fa\u00e7ades and exterior soffit"},{"@type":"BreadcrumbList","@id":"https:\/\/parklexprodema.com\/fr\/blog\/installation-de-bois-courbe-sur-facades-et-sous-faces-exterieures\/#breadcrumb","itemListElement":[{"@type":"ListItem","position":1,"name":"Home","item":"https:\/\/parklexprodema.com\/fr\/"},{"@type":"ListItem","position":2,"name":"Installation de bois courb\u00e9 sur fa\u00e7ades et sous-faces ext\u00e9rieures"}]},{"@type":"WebSite","@id":"https:\/\/parklexprodema.com\/fr\/#website","url":"https:\/\/parklexprodema.com\/fr\/","name":"Parklex Prodema","description":"Panneaux de Bois pour l\u2019Architecture","publisher":{"@id":"https:\/\/parklexprodema.com\/fr\/#organization"},"potentialAction":[{"@type":"SearchAction","target":{"@type":"EntryPoint","urlTemplate":"https:\/\/parklexprodema.com\/fr\/?s={search_term_string}"},"query-input":{"@type":"PropertyValueSpecification","valueRequired":true,"valueName":"search_term_string"}}],"inLanguage":"fr-FR"},{"@type":"Organization","@id":"https:\/\/parklexprodema.com\/fr\/#organization","name":"Parklex Prodema","url":"https:\/\/parklexprodema.com\/fr\/","logo":{"@type":"ImageObject","inLanguage":"fr-FR","@id":"https:\/\/parklexprodema.com\/fr\/#\/schema\/logo\/image\/","url":"https:\/\/parklexprodema.com\/wp-content\/uploads\/2023\/01\/ParklexProdema-Logo.png","contentUrl":"https:\/\/parklexprodema.com\/wp-content\/uploads\/2023\/01\/ParklexProdema-Logo.png","width":600,"height":155,"caption":"Parklex Prodema"},"image":{"@id":"https:\/\/parklexprodema.com\/fr\/#\/schema\/logo\/image\/"},"sameAs":["https:\/\/www.facebook.com\/parklexprodema","https:\/\/www.instagram.com\/parklexprodema\/","https:\/\/www.linkedin.com\/company\/parklexprodema\/"]},{"@type":"Person","@id":"https:\/\/parklexprodema.com\/fr\/#\/schema\/person\/37db727a6d4f7bafabb9cde91173ca32","name":"PARKLEX PRODEMA","image":{"@type":"ImageObject","inLanguage":"fr-FR","@id":"https:\/\/parklexprodema.com\/fr\/#\/schema\/person\/image\/","url":"https:\/\/secure.gravatar.com\/avatar\/9871f8aa559d4e3b2f08ba029e0433d09f7b2d110f75d6cf5e18cbd88ab1d11d?s=96&d=mm&r=g","contentUrl":"https:\/\/secure.gravatar.com\/avatar\/9871f8aa559d4e3b2f08ba029e0433d09f7b2d110f75d6cf5e18cbd88ab1d11d?s=96&d=mm&r=g","caption":"PARKLEX PRODEMA"}}]}},"_links":{"self":[{"href":"https:\/\/parklexprodema.com\/fr\/wp-json\/wp\/v2\/posts\/74558","targetHints":{"allow":["GET"]}}],"collection":[{"href":"https:\/\/parklexprodema.com\/fr\/wp-json\/wp\/v2\/posts"}],"about":[{"href":"https:\/\/parklexprodema.com\/fr\/wp-json\/wp\/v2\/types\/post"}],"author":[{"embeddable":true,"href":"https:\/\/parklexprodema.com\/fr\/wp-json\/wp\/v2\/users\/10000100"}],"replies":[{"embeddable":true,"href":"https:\/\/parklexprodema.com\/fr\/wp-json\/wp\/v2\/comments?post=74558"}],"version-history":[{"count":4,"href":"https:\/\/parklexprodema.com\/fr\/wp-json\/wp\/v2\/posts\/74558\/revisions"}],"predecessor-version":[{"id":74982,"href":"https:\/\/parklexprodema.com\/fr\/wp-json\/wp\/v2\/posts\/74558\/revisions\/74982"}],"wp:featuredmedia":[{"embeddable":true,"href":"https:\/\/parklexprodema.com\/fr\/wp-json\/wp\/v2\/media\/74450"}],"wp:attachment":[{"href":"https:\/\/parklexprodema.com\/fr\/wp-json\/wp\/v2\/media?parent=74558"}],"wp:term":[{"taxonomy":"category","embeddable":true,"href":"https:\/\/parklexprodema.com\/fr\/wp-json\/wp\/v2\/categories?post=74558"},{"taxonomy":"post_tag","embeddable":true,"href":"https:\/\/parklexprodema.com\/fr\/wp-json\/wp\/v2\/tags?post=74558"}],"curies":[{"name":"wp","href":"https:\/\/api.w.org\/{rel}","templated":true}]}}